{"id":169,"date":"2017-01-16T16:45:11","date_gmt":"2017-01-16T15:45:11","guid":{"rendered":"http:\/\/touchlink.fr\/blog\/?p=169"},"modified":"2017-06-19T11:25:20","modified_gmt":"2017-06-19T09:25:20","slug":"chiffres-pays-africains-plus-connectes-a-facebook","status":"publish","type":"post","link":"https:\/\/www.touchlink.fr\/blog\/chiffres-pays-africains-plus-connectes-a-facebook\/","title":{"rendered":"En chiffres : quels sont les pays africains les plus connect\u00e9s \u00e0 Facebook?"},"content":{"rendered":"<p>Certes, le r\u00e9seau social de Zuckerberg a envahi le monde et s\u2019est transform\u00e9 en un ph\u00e9nom\u00e8ne social agissant m\u00eame sur plusieurs positions de l\u2019opinion publique.<\/p>\n<p>Pour discerner l\u2019utilisation de Facebook dans les pays africains, une \u00e9tude statistique r\u00e9cente a \u00e9t\u00e9 effectu\u00e9e par une entreprise reconnue donnant et analysant le classement des pays avec le plus grand nombre d\u2019utilisateurs sur Facebook\u00a0en 2016.<\/p>\n<h2>Classement selon le rapport\u00a0des personnes connect\u00e9es sur la population g\u00e9n\u00e9rale<\/h2>\n<p>En 2014, la Tunisie \u00e9tait en t\u00eate de classement des pays africains les plus connect\u00e9s \u00e0 Facebook, selon les chiffres de l\u2019INS (Institut National de la Statistique Tunisien). Cette position est obtenue en comptant le quotient des personnes connect\u00e9es par rapport au nombre total de la population.<\/p>\n<p>En 2016, la Tunisie a c\u00e9d\u00e9 sa place aux Seychelles avec un pourcentage de 55% \u00a0contre 56,26% pour les Seychelles.<\/p>\n<h2 style=\"text-align: center;\">Classement selon le nombre d\u2019utilisateurs<\/h2>\n<p><img loading=\"lazy\" decoding=\"async\" class=\"size-full wp-image-171 aligncenter\" src=\"http:\/\/touchlink.fr\/blog\/wp-content\/uploads\/2017\/01\/afr.png\" alt=\"afr\" width=\"583\" height=\"448\" srcset=\"https:\/\/www.touchlink.fr\/blog\/wp-content\/uploads\/2017\/01\/afr.png 583w, https:\/\/www.touchlink.fr\/blog\/wp-content\/uploads\/2017\/01\/afr-300x231.png 300w, https:\/\/www.touchlink.fr\/blog\/wp-content\/uploads\/2017\/01\/afr-390x300.png 390w\" sizes=\"auto, (max-width: 583px) 100vw, 583px\" \/><\/p>\n<p>Il s\u2019est av\u00e9r\u00e9 que les internautes africains donnent une importance surprenante au site de Zuckerberg. D\u2019ailleurs, les chiffres illustr\u00e9s sur la figure ci-dessus, qu\u2019on va vous rapporter par la suite, et qui montrent les pays avec le plus d\u2019utilisateurs sur Facebook, parlent d\u2019eux-m\u00eames\u00a0:<\/p>\n<p>Voici, donc, notre top 10\u00a0:<\/p>\n<ol>\n<li>Egypte\u00a0: 33 millions<\/li>\n<li>Alg\u00e9rie\u00a0: 17 millions<\/li>\n<li>Nig\u00e9ria\u00a0: 16 millions<\/li>\n<li>Afrique du Sud\u00a0: 14 millions<\/li>\n<li>Maroc\u00a0: 13 millions<\/li>\n<li>Kenya\u00a0: 6,2 millions<\/li>\n<li>Tunisie\u00a0: 6,1 millions<\/li>\n<li>Tanzanie\u00a0: 4,4 millions<\/li>\n<li>Ghana\u00a0: 4 millions<\/li>\n<li>Angola\u00a0: 3,8 millions<\/li>\n<\/ol>\n<p>NB\u00a0: Les chiffres donn\u00e9s ne prennent pas en consid\u00e9ration le rapport avec la population totale tel est le cas du paragraphe pr\u00e9c\u00e9dent.<\/p>\n<h2>Facebook\u00a0: entre \u00e9thique et l\u00e9galit\u00e9\u00a0!<\/h2>\n<p>Malgr\u00e9 son succ\u00e8s international, l\u2019impact de ce r\u00e9seau social reste toujours un sujet \u00e0 d\u00e9bat. En effet, certains pensent que la l\u00e9galit\u00e9 et l\u2019\u00e9thique s\u2019affrontent dans l\u2019univers des \u00ab\u00a0facebookeurs\u00a0\u00bb et d\u00e9noncent fermement le non-respect de la vie priv\u00e9e, la distribution des mensonges et des rumeurs pouvant ruiner la vie des autres ainsi que la cr\u00e9ation des amis \u00ab\u00a0imaginaires\u00a0\u00bb et de tout un monde parall\u00e8le et irr\u00e9el.<\/p>\n<p>D\u2019autres personnes croient que Facebook n\u2019est pas vraiment la source de tous les maux mais cela d\u00e9pend, \u00e9videmment de l\u2019utilisateur et de ses fins. Il faut juste \u00eatre prudent en choisissant sa liste d\u2019amis et il ne faut jamais croire tout ce qu\u2019on rencontre sur son fil d\u2019actualit\u00e9.<\/p>\n","protected":false},"excerpt":{"rendered":"<p>Certes, le r\u00e9seau social de Zuckerberg a envahi le monde et s\u2019est transform\u00e9 en un ph\u00e9nom\u00e8ne social agissant m\u00eame sur plusieurs positions de l\u2019opinion publique. Pour discerner l\u2019utilisation de Facebook dans les pays africains, une \u00e9tude statistique r\u00e9cente a \u00e9t\u00e9 effectu\u00e9e par une entreprise reconnue donnant et analysant le classement des pays avec le plus&#8230; <\/p>\n<div class=\"link-more\"><a href=\"https:\/\/www.touchlink.fr\/blog\/chiffres-pays-africains-plus-connectes-a-facebook\/\">En savoir plus<\/a><\/div>\n","protected":false},"author":2,"featured_media":197,"comment_status":"closed","ping_status":"open","sticky":false,"template":"","format":"standard","meta":{"footnotes":""},"categories":[3],"tags":[],"class_list":["post-169","post","type-post","status-publish","format-standard","has-post-thumbnail","hentry","category-nouveautes"],"yoast_head":"<!-- This site is optimized with the Yoast SEO plugin v26.8 - https:\/\/yoast.com\/product\/yoast-seo-wordpress\/ -->\n<title>En chiffres : quels sont les pays africains les plus connect\u00e9s \u00e0 Facebook? - Touchlink<\/title>\n<meta name=\"robots\" content=\"index, follow, max-snippet:-1, max-image-preview:large, max-video-preview:-1\" \/>\n<link rel=\"canonical\" href=\"https:\/\/www.touchlink.fr\/blog\/chiffres-pays-africains-plus-connectes-a-facebook\/\" \/>\n<meta property=\"og:locale\" content=\"fr_FR\" \/>\n<meta property=\"og:type\" content=\"article\" \/>\n<meta property=\"og:title\" content=\"En chiffres : quels sont les pays africains les plus connect\u00e9s \u00e0 Facebook? - Touchlink\" \/>\n<meta property=\"og:description\" content=\"Certes, le r\u00e9seau social de Zuckerberg a envahi le monde et s\u2019est transform\u00e9 en un ph\u00e9nom\u00e8ne social agissant m\u00eame sur plusieurs positions de l\u2019opinion publique. Pour discerner l\u2019utilisation de Facebook dans les pays africains, une \u00e9tude statistique r\u00e9cente a \u00e9t\u00e9 effectu\u00e9e par une entreprise reconnue donnant et analysant le classement des pays avec le plus... En savoir plus\" \/>\n<meta property=\"og:url\" content=\"https:\/\/www.touchlink.fr\/blog\/chiffres-pays-africains-plus-connectes-a-facebook\/\" \/>\n<meta property=\"og:site_name\" content=\"Touchlink\" \/>\n<meta property=\"article:published_time\" content=\"2017-01-16T15:45:11+00:00\" \/>\n<meta property=\"article:modified_time\" content=\"2017-06-19T09:25:20+00:00\" \/>\n<meta property=\"og:image\" content=\"https:\/\/www.touchlink.fr\/blog\/wp-content\/uploads\/2017\/01\/afrique-facebook.jpg\" \/>\n\t<meta property=\"og:image:width\" content=\"683\" \/>\n\t<meta property=\"og:image:height\" content=\"720\" \/>\n\t<meta property=\"og:image:type\" content=\"image\/jpeg\" \/>\n<meta name=\"author\" content=\"touchlink\" \/>\n<meta name=\"twitter:card\" content=\"summary_large_image\" \/>\n<meta name=\"twitter:label1\" content=\"\u00c9crit par\" \/>\n\t<meta name=\"twitter:data1\" content=\"touchlink\" \/>\n\t<meta name=\"twitter:label2\" content=\"Dur\u00e9e de lecture estim\u00e9e\" \/>\n\t<meta name=\"twitter:data2\" content=\"2 minutes\" \/>\n<script type=\"application\/ld+json\" class=\"yoast-schema-graph\">{\"@context\":\"https:\/\/schema.org\",\"@graph\":[{\"@type\":\"Article\",\"@id\":\"https:\/\/www.touchlink.fr\/blog\/chiffres-pays-africains-plus-connectes-a-facebook\/#article\",\"isPartOf\":{\"@id\":\"https:\/\/www.touchlink.fr\/blog\/chiffres-pays-africains-plus-connectes-a-facebook\/\"},\"author\":{\"name\":\"touchlink\",\"@id\":\"https:\/\/www.touchlink.fr\/blog\/#\/schema\/person\/8f0516b08b97692bee5d6bd5f71c7c67\"},\"headline\":\"En chiffres : quels sont les pays africains les plus connect\u00e9s \u00e0 Facebook?\",\"datePublished\":\"2017-01-16T15:45:11+00:00\",\"dateModified\":\"2017-06-19T09:25:20+00:00\",\"mainEntityOfPage\":{\"@id\":\"https:\/\/www.touchlink.fr\/blog\/chiffres-pays-africains-plus-connectes-a-facebook\/\"},\"wordCount\":414,\"image\":{\"@id\":\"https:\/\/www.touchlink.fr\/blog\/chiffres-pays-africains-plus-connectes-a-facebook\/#primaryimage\"},\"thumbnailUrl\":\"https:\/\/www.touchlink.fr\/blog\/wp-content\/uploads\/2017\/01\/afrique-facebook.jpg\",\"articleSection\":[\"Nouveaut\u00e9s\"],\"inLanguage\":\"fr-FR\"},{\"@type\":\"WebPage\",\"@id\":\"https:\/\/www.touchlink.fr\/blog\/chiffres-pays-africains-plus-connectes-a-facebook\/\",\"url\":\"https:\/\/www.touchlink.fr\/blog\/chiffres-pays-africains-plus-connectes-a-facebook\/\",\"name\":\"En chiffres : quels sont les pays africains les plus connect\u00e9s \u00e0 Facebook? - Touchlink\",\"isPartOf\":{\"@id\":\"https:\/\/www.touchlink.fr\/blog\/#website\"},\"primaryImageOfPage\":{\"@id\":\"https:\/\/www.touchlink.fr\/blog\/chiffres-pays-africains-plus-connectes-a-facebook\/#primaryimage\"},\"image\":{\"@id\":\"https:\/\/www.touchlink.fr\/blog\/chiffres-pays-africains-plus-connectes-a-facebook\/#primaryimage\"},\"thumbnailUrl\":\"https:\/\/www.touchlink.fr\/blog\/wp-content\/uploads\/2017\/01\/afrique-facebook.jpg\",\"datePublished\":\"2017-01-16T15:45:11+00:00\",\"dateModified\":\"2017-06-19T09:25:20+00:00\",\"author\":{\"@id\":\"https:\/\/www.touchlink.fr\/blog\/#\/schema\/person\/8f0516b08b97692bee5d6bd5f71c7c67\"},\"breadcrumb\":{\"@id\":\"https:\/\/www.touchlink.fr\/blog\/chiffres-pays-africains-plus-connectes-a-facebook\/#breadcrumb\"},\"inLanguage\":\"fr-FR\",\"potentialAction\":[{\"@type\":\"ReadAction\",\"target\":[\"https:\/\/www.touchlink.fr\/blog\/chiffres-pays-africains-plus-connectes-a-facebook\/\"]}]},{\"@type\":\"ImageObject\",\"inLanguage\":\"fr-FR\",\"@id\":\"https:\/\/www.touchlink.fr\/blog\/chiffres-pays-africains-plus-connectes-a-facebook\/#primaryimage\",\"url\":\"https:\/\/www.touchlink.fr\/blog\/wp-content\/uploads\/2017\/01\/afrique-facebook.jpg\",\"contentUrl\":\"https:\/\/www.touchlink.fr\/blog\/wp-content\/uploads\/2017\/01\/afrique-facebook.jpg\",\"width\":683,\"height\":720},{\"@type\":\"BreadcrumbList\",\"@id\":\"https:\/\/www.touchlink.fr\/blog\/chiffres-pays-africains-plus-connectes-a-facebook\/#breadcrumb\",\"itemListElement\":[{\"@type\":\"ListItem\",\"position\":1,\"name\":\"Accueil\",\"item\":\"https:\/\/www.touchlink.fr\/blog\/\"},{\"@type\":\"ListItem\",\"position\":2,\"name\":\"En chiffres : quels sont les pays africains les plus connect\u00e9s \u00e0 Facebook?\"}]},{\"@type\":\"WebSite\",\"@id\":\"https:\/\/www.touchlink.fr\/blog\/#website\",\"url\":\"https:\/\/www.touchlink.fr\/blog\/\",\"name\":\"Touchlink\",\"description\":\"Let&#039;s Digitalize\",\"potentialAction\":[{\"@type\":\"SearchAction\",\"target\":{\"@type\":\"EntryPoint\",\"urlTemplate\":\"https:\/\/www.touchlink.fr\/blog\/?s={search_term_string}\"},\"query-input\":{\"@type\":\"PropertyValueSpecification\",\"valueRequired\":true,\"valueName\":\"search_term_string\"}}],\"inLanguage\":\"fr-FR\"},{\"@type\":\"Person\",\"@id\":\"https:\/\/www.touchlink.fr\/blog\/#\/schema\/person\/8f0516b08b97692bee5d6bd5f71c7c67\",\"name\":\"touchlink\",\"image\":{\"@type\":\"ImageObject\",\"inLanguage\":\"fr-FR\",\"@id\":\"https:\/\/www.touchlink.fr\/blog\/#\/schema\/person\/image\/\",\"url\":\"https:\/\/secure.gravatar.com\/avatar\/33f919503c00778e832ad541d4757ac1?s=96&d=mm&r=g\",\"contentUrl\":\"https:\/\/secure.gravatar.com\/avatar\/33f919503c00778e832ad541d4757ac1?s=96&d=mm&r=g\",\"caption\":\"touchlink\"},\"url\":\"https:\/\/www.touchlink.fr\/blog\/author\/touchlink\/\"}]}<\/script>\n<!-- \/ Yoast SEO plugin. -->","yoast_head_json":{"title":"En chiffres : quels sont les pays africains les plus connect\u00e9s \u00e0 Facebook? - Touchlink","robots":{"index":"index","follow":"follow","max-snippet":"max-snippet:-1","max-image-preview":"max-image-preview:large","max-video-preview":"max-video-preview:-1"},"canonical":"https:\/\/www.touchlink.fr\/blog\/chiffres-pays-africains-plus-connectes-a-facebook\/","og_locale":"fr_FR","og_type":"article","og_title":"En chiffres : quels sont les pays africains les plus connect\u00e9s \u00e0 Facebook? - Touchlink","og_description":"Certes, le r\u00e9seau social de Zuckerberg a envahi le monde et s\u2019est transform\u00e9 en un ph\u00e9nom\u00e8ne social agissant m\u00eame sur plusieurs positions de l\u2019opinion publique. Pour discerner l\u2019utilisation de Facebook dans les pays africains, une \u00e9tude statistique r\u00e9cente a \u00e9t\u00e9 effectu\u00e9e par une entreprise reconnue donnant et analysant le classement des pays avec le plus... En savoir plus","og_url":"https:\/\/www.touchlink.fr\/blog\/chiffres-pays-africains-plus-connectes-a-facebook\/","og_site_name":"Touchlink","article_published_time":"2017-01-16T15:45:11+00:00","article_modified_time":"2017-06-19T09:25:20+00:00","og_image":[{"width":683,"height":720,"url":"https:\/\/www.touchlink.fr\/blog\/wp-content\/uploads\/2017\/01\/afrique-facebook.jpg","type":"image\/jpeg"}],"author":"touchlink","twitter_card":"summary_large_image","twitter_misc":{"\u00c9crit par":"touchlink","Dur\u00e9e de lecture estim\u00e9e":"2 minutes"},"schema":{"@context":"https:\/\/schema.org","@graph":[{"@type":"Article","@id":"https:\/\/www.touchlink.fr\/blog\/chiffres-pays-africains-plus-connectes-a-facebook\/#article","isPartOf":{"@id":"https:\/\/www.touchlink.fr\/blog\/chiffres-pays-africains-plus-connectes-a-facebook\/"},"author":{"name":"touchlink","@id":"https:\/\/www.touchlink.fr\/blog\/#\/schema\/person\/8f0516b08b97692bee5d6bd5f71c7c67"},"headline":"En chiffres : quels sont les pays africains les plus connect\u00e9s \u00e0 Facebook?","datePublished":"2017-01-16T15:45:11+00:00","dateModified":"2017-06-19T09:25:20+00:00","mainEntityOfPage":{"@id":"https:\/\/www.touchlink.fr\/blog\/chiffres-pays-africains-plus-connectes-a-facebook\/"},"wordCount":414,"image":{"@id":"https:\/\/www.touchlink.fr\/blog\/chiffres-pays-africains-plus-connectes-a-facebook\/#primaryimage"},"thumbnailUrl":"https:\/\/www.touchlink.fr\/blog\/wp-content\/uploads\/2017\/01\/afrique-facebook.jpg","articleSection":["Nouveaut\u00e9s"],"inLanguage":"fr-FR"},{"@type":"WebPage","@id":"https:\/\/www.touchlink.fr\/blog\/chiffres-pays-africains-plus-connectes-a-facebook\/","url":"https:\/\/www.touchlink.fr\/blog\/chiffres-pays-africains-plus-connectes-a-facebook\/","name":"En chiffres : quels sont les pays africains les plus connect\u00e9s \u00e0 Facebook? - Touchlink","isPartOf":{"@id":"https:\/\/www.touchlink.fr\/blog\/#website"},"primaryImageOfPage":{"@id":"https:\/\/www.touchlink.fr\/blog\/chiffres-pays-africains-plus-connectes-a-facebook\/#primaryimage"},"image":{"@id":"https:\/\/www.touchlink.fr\/blog\/chiffres-pays-africains-plus-connectes-a-facebook\/#primaryimage"},"thumbnailUrl":"https:\/\/www.touchlink.fr\/blog\/wp-content\/uploads\/2017\/01\/afrique-facebook.jpg","datePublished":"2017-01-16T15:45:11+00:00","dateModified":"2017-06-19T09:25:20+00:00","author":{"@id":"https:\/\/www.touchlink.fr\/blog\/#\/schema\/person\/8f0516b08b97692bee5d6bd5f71c7c67"},"breadcrumb":{"@id":"https:\/\/www.touchlink.fr\/blog\/chiffres-pays-africains-plus-connectes-a-facebook\/#breadcrumb"},"inLanguage":"fr-FR","potentialAction":[{"@type":"ReadAction","target":["https:\/\/www.touchlink.fr\/blog\/chiffres-pays-africains-plus-connectes-a-facebook\/"]}]},{"@type":"ImageObject","inLanguage":"fr-FR","@id":"https:\/\/www.touchlink.fr\/blog\/chiffres-pays-africains-plus-connectes-a-facebook\/#primaryimage","url":"https:\/\/www.touchlink.fr\/blog\/wp-content\/uploads\/2017\/01\/afrique-facebook.jpg","contentUrl":"https:\/\/www.touchlink.fr\/blog\/wp-content\/uploads\/2017\/01\/afrique-facebook.jpg","width":683,"height":720},{"@type":"BreadcrumbList","@id":"https:\/\/www.touchlink.fr\/blog\/chiffres-pays-africains-plus-connectes-a-facebook\/#breadcrumb","itemListElement":[{"@type":"ListItem","position":1,"name":"Accueil","item":"https:\/\/www.touchlink.fr\/blog\/"},{"@type":"ListItem","position":2,"name":"En chiffres : quels sont les pays africains les plus connect\u00e9s \u00e0 Facebook?"}]},{"@type":"WebSite","@id":"https:\/\/www.touchlink.fr\/blog\/#website","url":"https:\/\/www.touchlink.fr\/blog\/","name":"Touchlink","description":"Let&#039;s Digitalize","potentialAction":[{"@type":"SearchAction","target":{"@type":"EntryPoint","urlTemplate":"https:\/\/www.touchlink.fr\/blog\/?s={search_term_string}"},"query-input":{"@type":"PropertyValueSpecification","valueRequired":true,"valueName":"search_term_string"}}],"inLanguage":"fr-FR"},{"@type":"Person","@id":"https:\/\/www.touchlink.fr\/blog\/#\/schema\/person\/8f0516b08b97692bee5d6bd5f71c7c67","name":"touchlink","image":{"@type":"ImageObject","inLanguage":"fr-FR","@id":"https:\/\/www.touchlink.fr\/blog\/#\/schema\/person\/image\/","url":"https:\/\/secure.gravatar.com\/avatar\/33f919503c00778e832ad541d4757ac1?s=96&d=mm&r=g","contentUrl":"https:\/\/secure.gravatar.com\/avatar\/33f919503c00778e832ad541d4757ac1?s=96&d=mm&r=g","caption":"touchlink"},"url":"https:\/\/www.touchlink.fr\/blog\/author\/touchlink\/"}]}},"_links":{"self":[{"href":"https:\/\/www.touchlink.fr\/blog\/wp-json\/wp\/v2\/posts\/169","targetHints":{"allow":["GET"]}}],"collection":[{"href":"https:\/\/www.touchlink.fr\/blog\/wp-json\/wp\/v2\/posts"}],"about":[{"href":"https:\/\/www.touchlink.fr\/blog\/wp-json\/wp\/v2\/types\/post"}],"author":[{"embeddable":true,"href":"https:\/\/www.touchlink.fr\/blog\/wp-json\/wp\/v2\/users\/2"}],"replies":[{"embeddable":true,"href":"https:\/\/www.touchlink.fr\/blog\/wp-json\/wp\/v2\/comments?post=169"}],"version-history":[{"count":2,"href":"https:\/\/www.touchlink.fr\/blog\/wp-json\/wp\/v2\/posts\/169\/revisions"}],"predecessor-version":[{"id":178,"href":"https:\/\/www.touchlink.fr\/blog\/wp-json\/wp\/v2\/posts\/169\/revisions\/178"}],"wp:featuredmedia":[{"embeddable":true,"href":"https:\/\/www.touchlink.fr\/blog\/wp-json\/wp\/v2\/media\/197"}],"wp:attachment":[{"href":"https:\/\/www.touchlink.fr\/blog\/wp-json\/wp\/v2\/media?parent=169"}],"wp:term":[{"taxonomy":"category","embeddable":true,"href":"https:\/\/www.touchlink.fr\/blog\/wp-json\/wp\/v2\/categories?post=169"},{"taxonomy":"post_tag","embeddable":true,"href":"https:\/\/www.touchlink.fr\/blog\/wp-json\/wp\/v2\/tags?post=169"}],"curies":[{"name":"wp","href":"https:\/\/api.w.org\/{rel}","templated":true}]}}