{"id":198,"date":"2017-02-03T11:33:04","date_gmt":"2017-02-03T10:33:04","guid":{"rendered":"http:\/\/touchlink.fr\/blog\/?p=198"},"modified":"2024-12-25T09:25:10","modified_gmt":"2024-12-25T08:25:10","slug":"nouveau-integration-albums-photos-instagram","status":"publish","type":"post","link":"https:\/\/www.touchlink.fr\/blog\/nouveau-integration-albums-photos-instagram\/","title":{"rendered":"Nouveau: int\u00e9gration des albums photos sur Instagram !"},"content":{"rendered":"<p>Bonne nouvelle pour les instagramers et les \u00ab\u00a0selfies addicted\u00a0\u00bb qui ne semblent pas \u00eatre rassasi\u00e9s par une seule photo \u00e0 publier sur Instagram\u00a0ou \u00e0 publier plusieurs photos s\u00e9par\u00e9ment: il est d\u00e9sormais possible de publier tout un album photo form\u00e9 par vos plus belles photos que vous d\u00e9sirez partager avec vos amis et les personnes qui vous suivent.<\/p>\n<h2 style=\"text-align: justify;\">Une utilisation croissante de l\u2019application Instagram<\/h2>\n<p>Avec plus de 600 millions d&rsquo;utilisateurs et de 95 millions de photos et vid\u00e9os post\u00e9es quotidiennement, les cofondateurs d\u2019Instagram ont d\u00e9cid\u00e9 de tester plusieurs nouveaut\u00e9s pour bien accueillir 2017. D\u2019ailleurs, les publicit\u00e9s sont de plus en plus pr\u00e9sentes sur ce r\u00e9seau social car il s\u2019est av\u00e9r\u00e9 qu\u2019elles poss\u00e8dent un potentiel tr\u00e8s important. Les revenus sont pr\u00e9vus d\u2019atteindre 2.81 milliards dollars en 2017 (d\u00e9passent ceux de Google et de Twitter) contre 596 millions dollars en 2015\u00a0!<\/p>\n<h2>Formez votre album photo sur Instagram<\/h2>\n<p><img loading=\"lazy\" decoding=\"async\" class=\"alignnone size-full wp-image-199\" src=\"http:\/\/touchlink.fr\/blog\/wp-content\/uploads\/2017\/02\/Capture.png\" alt=\"Capture\" width=\"626\" height=\"539\" srcset=\"https:\/\/www.touchlink.fr\/blog\/wp-content\/uploads\/2017\/02\/Capture.png 626w, https:\/\/www.touchlink.fr\/blog\/wp-content\/uploads\/2017\/02\/Capture-300x258.png 300w, https:\/\/www.touchlink.fr\/blog\/wp-content\/uploads\/2017\/02\/Capture-348x300.png 348w\" sizes=\"auto, (max-width: 626px) 100vw, 626px\" \/><\/p>\n<p>La capture d\u2019\u00e9cran ci-dessus montre la premi\u00e8re version d\u2019essai sur Instagram. On remarque qu\u2019il est possible de s\u00e9lectionner m\u00eame 4 photos simultan\u00e9ment pour les publier dans la galerie de l\u2019application. Les filtres, les recadrages, les am\u00e9liorations des couleurs et de la lumi\u00e8re sont \u00e9galement possibles tel est le cas dans la version ant\u00e9rieure.<\/p>\n<p>La nouvelle version ne s\u2019est pas encore d\u00e9mocratis\u00e9e mais elle le serait, normalement \u00e0 la fin de ce mois de f\u00e9vrier. Ses cr\u00e9ateurs affirment que les photos seront affich\u00e9es sous forme de slideshow, c\u2019est-\u00e0-dire, il suffit de glisser ses doigts sur l\u2019\u00e9cran pour balader entre les diff\u00e9rentes photos de l\u2019album. Les hashtags classiques d\u2019Instagram sont \u00e9galement possibles.<\/p>\n<h2>Pour conclure<\/h2>\n<p>Mais la question qui se pose, dans ce cas, avec ces changements allant de son nouveau moteur de recherche \u00ab\u00a0worldcam\u00a0\u00bb jusqu\u2019\u00e0 l\u2019int\u00e9gration des albums photos et en passant par les InstaStories\u00a0: \u00e0 cause de ces \u00ab\u00a0am\u00e9liorations\u00a0\u00bb, Instagram va-t-il perdre progressivement son authenticit\u00e9 et son originalit\u00e9 et devenir un hybride entre Facebook et Snapchat\u00a0?<\/p>\n","protected":false},"excerpt":{"rendered":"<p>Bonne nouvelle pour les instagramers et les \u00ab\u00a0selfies addicted\u00a0\u00bb qui ne semblent pas \u00eatre rassasi\u00e9s par une seule photo \u00e0 publier sur Instagram\u00a0ou \u00e0 publier plusieurs photos s\u00e9par\u00e9ment: il est d\u00e9sormais possible de publier tout un album photo form\u00e9 par vos plus belles photos que vous d\u00e9sirez partager avec vos amis et les personnes qui&#8230; <\/p>\n<div class=\"link-more\"><a href=\"https:\/\/www.touchlink.fr\/blog\/nouveau-integration-albums-photos-instagram\/\">En savoir plus<\/a><\/div>\n","protected":false},"author":2,"featured_media":200,"comment_status":"closed","ping_status":"closed","sticky":false,"template":"","format":"standard","meta":{"footnotes":""},"categories":[3],"tags":[],"class_list":["post-198","post","type-post","status-publish","format-standard","has-post-thumbnail","hentry","category-nouveautes"],"yoast_head":"<!-- This site is optimized with the Yoast SEO plugin v26.8 - https:\/\/yoast.com\/product\/yoast-seo-wordpress\/ -->\n<title>Nouveau: int\u00e9gration des albums photos sur Instagram ! - Touchlink<\/title>\n<meta name=\"robots\" content=\"index, follow, max-snippet:-1, max-image-preview:large, max-video-preview:-1\" \/>\n<link rel=\"canonical\" href=\"https:\/\/www.touchlink.fr\/blog\/nouveau-integration-albums-photos-instagram\/\" \/>\n<meta property=\"og:locale\" content=\"fr_FR\" \/>\n<meta property=\"og:type\" content=\"article\" \/>\n<meta property=\"og:title\" content=\"Nouveau: int\u00e9gration des albums photos sur Instagram ! - Touchlink\" \/>\n<meta property=\"og:description\" content=\"Bonne nouvelle pour les instagramers et les \u00ab\u00a0selfies addicted\u00a0\u00bb qui ne semblent pas \u00eatre rassasi\u00e9s par une seule photo \u00e0 publier sur Instagram\u00a0ou \u00e0 publier plusieurs photos s\u00e9par\u00e9ment: il est d\u00e9sormais possible de publier tout un album photo form\u00e9 par vos plus belles photos que vous d\u00e9sirez partager avec vos amis et les personnes qui... En savoir plus\" \/>\n<meta property=\"og:url\" content=\"https:\/\/www.touchlink.fr\/blog\/nouveau-integration-albums-photos-instagram\/\" \/>\n<meta property=\"og:site_name\" content=\"Touchlink\" \/>\n<meta property=\"article:published_time\" content=\"2017-02-03T10:33:04+00:00\" \/>\n<meta property=\"article:modified_time\" content=\"2024-12-25T08:25:10+00:00\" \/>\n<meta property=\"og:image\" content=\"http:\/\/touchlink.fr\/blog\/wp-content\/uploads\/2017\/02\/instagram-logo-ywb-500x380.jpg\" \/>\n\t<meta property=\"og:image:width\" content=\"500\" \/>\n\t<meta property=\"og:image:height\" content=\"380\" \/>\n\t<meta property=\"og:image:type\" content=\"image\/jpeg\" \/>\n<meta name=\"author\" content=\"touchlink\" \/>\n<meta name=\"twitter:card\" content=\"summary_large_image\" \/>\n<meta name=\"twitter:label1\" content=\"\u00c9crit par\" \/>\n\t<meta name=\"twitter:data1\" content=\"touchlink\" \/>\n\t<meta name=\"twitter:label2\" content=\"Dur\u00e9e de lecture estim\u00e9e\" \/>\n\t<meta name=\"twitter:data2\" content=\"2 minutes\" \/>\n<script type=\"application\/ld+json\" class=\"yoast-schema-graph\">{\"@context\":\"https:\/\/schema.org\",\"@graph\":[{\"@type\":\"Article\",\"@id\":\"https:\/\/www.touchlink.fr\/blog\/nouveau-integration-albums-photos-instagram\/#article\",\"isPartOf\":{\"@id\":\"https:\/\/www.touchlink.fr\/blog\/nouveau-integration-albums-photos-instagram\/\"},\"author\":{\"name\":\"touchlink\",\"@id\":\"https:\/\/www.touchlink.fr\/blog\/#\/schema\/person\/8f0516b08b97692bee5d6bd5f71c7c67\"},\"headline\":\"Nouveau: int\u00e9gration des albums photos sur Instagram !\",\"datePublished\":\"2017-02-03T10:33:04+00:00\",\"dateModified\":\"2024-12-25T08:25:10+00:00\",\"mainEntityOfPage\":{\"@id\":\"https:\/\/www.touchlink.fr\/blog\/nouveau-integration-albums-photos-instagram\/\"},\"wordCount\":355,\"image\":{\"@id\":\"https:\/\/www.touchlink.fr\/blog\/nouveau-integration-albums-photos-instagram\/#primaryimage\"},\"thumbnailUrl\":\"https:\/\/www.touchlink.fr\/blog\/wp-content\/uploads\/2017\/02\/instagram-logo-ywb-500x380.jpg\",\"articleSection\":[\"Nouveaut\u00e9s\"],\"inLanguage\":\"fr-FR\"},{\"@type\":\"WebPage\",\"@id\":\"https:\/\/www.touchlink.fr\/blog\/nouveau-integration-albums-photos-instagram\/\",\"url\":\"https:\/\/www.touchlink.fr\/blog\/nouveau-integration-albums-photos-instagram\/\",\"name\":\"Nouveau: int\u00e9gration des albums photos sur Instagram ! - Touchlink\",\"isPartOf\":{\"@id\":\"https:\/\/www.touchlink.fr\/blog\/#website\"},\"primaryImageOfPage\":{\"@id\":\"https:\/\/www.touchlink.fr\/blog\/nouveau-integration-albums-photos-instagram\/#primaryimage\"},\"image\":{\"@id\":\"https:\/\/www.touchlink.fr\/blog\/nouveau-integration-albums-photos-instagram\/#primaryimage\"},\"thumbnailUrl\":\"https:\/\/www.touchlink.fr\/blog\/wp-content\/uploads\/2017\/02\/instagram-logo-ywb-500x380.jpg\",\"datePublished\":\"2017-02-03T10:33:04+00:00\",\"dateModified\":\"2024-12-25T08:25:10+00:00\",\"author\":{\"@id\":\"https:\/\/www.touchlink.fr\/blog\/#\/schema\/person\/8f0516b08b97692bee5d6bd5f71c7c67\"},\"breadcrumb\":{\"@id\":\"https:\/\/www.touchlink.fr\/blog\/nouveau-integration-albums-photos-instagram\/#breadcrumb\"},\"inLanguage\":\"fr-FR\",\"potentialAction\":[{\"@type\":\"ReadAction\",\"target\":[\"https:\/\/www.touchlink.fr\/blog\/nouveau-integration-albums-photos-instagram\/\"]}]},{\"@type\":\"ImageObject\",\"inLanguage\":\"fr-FR\",\"@id\":\"https:\/\/www.touchlink.fr\/blog\/nouveau-integration-albums-photos-instagram\/#primaryimage\",\"url\":\"https:\/\/www.touchlink.fr\/blog\/wp-content\/uploads\/2017\/02\/instagram-logo-ywb-500x380.jpg\",\"contentUrl\":\"https:\/\/www.touchlink.fr\/blog\/wp-content\/uploads\/2017\/02\/instagram-logo-ywb-500x380.jpg\",\"width\":500,\"height\":380},{\"@type\":\"BreadcrumbList\",\"@id\":\"https:\/\/www.touchlink.fr\/blog\/nouveau-integration-albums-photos-instagram\/#breadcrumb\",\"itemListElement\":[{\"@type\":\"ListItem\",\"position\":1,\"name\":\"Accueil\",\"item\":\"https:\/\/www.touchlink.fr\/blog\/\"},{\"@type\":\"ListItem\",\"position\":2,\"name\":\"Nouveau: int\u00e9gration des albums photos sur Instagram !\"}]},{\"@type\":\"WebSite\",\"@id\":\"https:\/\/www.touchlink.fr\/blog\/#website\",\"url\":\"https:\/\/www.touchlink.fr\/blog\/\",\"name\":\"Touchlink\",\"description\":\"Let&#039;s Digitalize\",\"potentialAction\":[{\"@type\":\"SearchAction\",\"target\":{\"@type\":\"EntryPoint\",\"urlTemplate\":\"https:\/\/www.touchlink.fr\/blog\/?s={search_term_string}\"},\"query-input\":{\"@type\":\"PropertyValueSpecification\",\"valueRequired\":true,\"valueName\":\"search_term_string\"}}],\"inLanguage\":\"fr-FR\"},{\"@type\":\"Person\",\"@id\":\"https:\/\/www.touchlink.fr\/blog\/#\/schema\/person\/8f0516b08b97692bee5d6bd5f71c7c67\",\"name\":\"touchlink\",\"image\":{\"@type\":\"ImageObject\",\"inLanguage\":\"fr-FR\",\"@id\":\"https:\/\/www.touchlink.fr\/blog\/#\/schema\/person\/image\/\",\"url\":\"https:\/\/secure.gravatar.com\/avatar\/33f919503c00778e832ad541d4757ac1?s=96&d=mm&r=g\",\"contentUrl\":\"https:\/\/secure.gravatar.com\/avatar\/33f919503c00778e832ad541d4757ac1?s=96&d=mm&r=g\",\"caption\":\"touchlink\"},\"url\":\"https:\/\/www.touchlink.fr\/blog\/author\/touchlink\/\"}]}<\/script>\n<!-- \/ Yoast SEO plugin. -->","yoast_head_json":{"title":"Nouveau: int\u00e9gration des albums photos sur Instagram ! - Touchlink","robots":{"index":"index","follow":"follow","max-snippet":"max-snippet:-1","max-image-preview":"max-image-preview:large","max-video-preview":"max-video-preview:-1"},"canonical":"https:\/\/www.touchlink.fr\/blog\/nouveau-integration-albums-photos-instagram\/","og_locale":"fr_FR","og_type":"article","og_title":"Nouveau: int\u00e9gration des albums photos sur Instagram ! - Touchlink","og_description":"Bonne nouvelle pour les instagramers et les \u00ab\u00a0selfies addicted\u00a0\u00bb qui ne semblent pas \u00eatre rassasi\u00e9s par une seule photo \u00e0 publier sur Instagram\u00a0ou \u00e0 publier plusieurs photos s\u00e9par\u00e9ment: il est d\u00e9sormais possible de publier tout un album photo form\u00e9 par vos plus belles photos que vous d\u00e9sirez partager avec vos amis et les personnes qui... En savoir plus","og_url":"https:\/\/www.touchlink.fr\/blog\/nouveau-integration-albums-photos-instagram\/","og_site_name":"Touchlink","article_published_time":"2017-02-03T10:33:04+00:00","article_modified_time":"2024-12-25T08:25:10+00:00","og_image":[{"width":500,"height":380,"url":"http:\/\/touchlink.fr\/blog\/wp-content\/uploads\/2017\/02\/instagram-logo-ywb-500x380.jpg","type":"image\/jpeg"}],"author":"touchlink","twitter_card":"summary_large_image","twitter_misc":{"\u00c9crit par":"touchlink","Dur\u00e9e de lecture estim\u00e9e":"2 minutes"},"schema":{"@context":"https:\/\/schema.org","@graph":[{"@type":"Article","@id":"https:\/\/www.touchlink.fr\/blog\/nouveau-integration-albums-photos-instagram\/#article","isPartOf":{"@id":"https:\/\/www.touchlink.fr\/blog\/nouveau-integration-albums-photos-instagram\/"},"author":{"name":"touchlink","@id":"https:\/\/www.touchlink.fr\/blog\/#\/schema\/person\/8f0516b08b97692bee5d6bd5f71c7c67"},"headline":"Nouveau: int\u00e9gration des albums photos sur Instagram !","datePublished":"2017-02-03T10:33:04+00:00","dateModified":"2024-12-25T08:25:10+00:00","mainEntityOfPage":{"@id":"https:\/\/www.touchlink.fr\/blog\/nouveau-integration-albums-photos-instagram\/"},"wordCount":355,"image":{"@id":"https:\/\/www.touchlink.fr\/blog\/nouveau-integration-albums-photos-instagram\/#primaryimage"},"thumbnailUrl":"https:\/\/www.touchlink.fr\/blog\/wp-content\/uploads\/2017\/02\/instagram-logo-ywb-500x380.jpg","articleSection":["Nouveaut\u00e9s"],"inLanguage":"fr-FR"},{"@type":"WebPage","@id":"https:\/\/www.touchlink.fr\/blog\/nouveau-integration-albums-photos-instagram\/","url":"https:\/\/www.touchlink.fr\/blog\/nouveau-integration-albums-photos-instagram\/","name":"Nouveau: int\u00e9gration des albums photos sur Instagram ! - Touchlink","isPartOf":{"@id":"https:\/\/www.touchlink.fr\/blog\/#website"},"primaryImageOfPage":{"@id":"https:\/\/www.touchlink.fr\/blog\/nouveau-integration-albums-photos-instagram\/#primaryimage"},"image":{"@id":"https:\/\/www.touchlink.fr\/blog\/nouveau-integration-albums-photos-instagram\/#primaryimage"},"thumbnailUrl":"https:\/\/www.touchlink.fr\/blog\/wp-content\/uploads\/2017\/02\/instagram-logo-ywb-500x380.jpg","datePublished":"2017-02-03T10:33:04+00:00","dateModified":"2024-12-25T08:25:10+00:00","author":{"@id":"https:\/\/www.touchlink.fr\/blog\/#\/schema\/person\/8f0516b08b97692bee5d6bd5f71c7c67"},"breadcrumb":{"@id":"https:\/\/www.touchlink.fr\/blog\/nouveau-integration-albums-photos-instagram\/#breadcrumb"},"inLanguage":"fr-FR","potentialAction":[{"@type":"ReadAction","target":["https:\/\/www.touchlink.fr\/blog\/nouveau-integration-albums-photos-instagram\/"]}]},{"@type":"ImageObject","inLanguage":"fr-FR","@id":"https:\/\/www.touchlink.fr\/blog\/nouveau-integration-albums-photos-instagram\/#primaryimage","url":"https:\/\/www.touchlink.fr\/blog\/wp-content\/uploads\/2017\/02\/instagram-logo-ywb-500x380.jpg","contentUrl":"https:\/\/www.touchlink.fr\/blog\/wp-content\/uploads\/2017\/02\/instagram-logo-ywb-500x380.jpg","width":500,"height":380},{"@type":"BreadcrumbList","@id":"https:\/\/www.touchlink.fr\/blog\/nouveau-integration-albums-photos-instagram\/#breadcrumb","itemListElement":[{"@type":"ListItem","position":1,"name":"Accueil","item":"https:\/\/www.touchlink.fr\/blog\/"},{"@type":"ListItem","position":2,"name":"Nouveau: int\u00e9gration des albums photos sur Instagram !"}]},{"@type":"WebSite","@id":"https:\/\/www.touchlink.fr\/blog\/#website","url":"https:\/\/www.touchlink.fr\/blog\/","name":"Touchlink","description":"Let&#039;s Digitalize","potentialAction":[{"@type":"SearchAction","target":{"@type":"EntryPoint","urlTemplate":"https:\/\/www.touchlink.fr\/blog\/?s={search_term_string}"},"query-input":{"@type":"PropertyValueSpecification","valueRequired":true,"valueName":"search_term_string"}}],"inLanguage":"fr-FR"},{"@type":"Person","@id":"https:\/\/www.touchlink.fr\/blog\/#\/schema\/person\/8f0516b08b97692bee5d6bd5f71c7c67","name":"touchlink","image":{"@type":"ImageObject","inLanguage":"fr-FR","@id":"https:\/\/www.touchlink.fr\/blog\/#\/schema\/person\/image\/","url":"https:\/\/secure.gravatar.com\/avatar\/33f919503c00778e832ad541d4757ac1?s=96&d=mm&r=g","contentUrl":"https:\/\/secure.gravatar.com\/avatar\/33f919503c00778e832ad541d4757ac1?s=96&d=mm&r=g","caption":"touchlink"},"url":"https:\/\/www.touchlink.fr\/blog\/author\/touchlink\/"}]}},"_links":{"self":[{"href":"https:\/\/www.touchlink.fr\/blog\/wp-json\/wp\/v2\/posts\/198","targetHints":{"allow":["GET"]}}],"collection":[{"href":"https:\/\/www.touchlink.fr\/blog\/wp-json\/wp\/v2\/posts"}],"about":[{"href":"https:\/\/www.touchlink.fr\/blog\/wp-json\/wp\/v2\/types\/post"}],"author":[{"embeddable":true,"href":"https:\/\/www.touchlink.fr\/blog\/wp-json\/wp\/v2\/users\/2"}],"replies":[{"embeddable":true,"href":"https:\/\/www.touchlink.fr\/blog\/wp-json\/wp\/v2\/comments?post=198"}],"version-history":[{"count":3,"href":"https:\/\/www.touchlink.fr\/blog\/wp-json\/wp\/v2\/posts\/198\/revisions"}],"predecessor-version":[{"id":203,"href":"https:\/\/www.touchlink.fr\/blog\/wp-json\/wp\/v2\/posts\/198\/revisions\/203"}],"wp:featuredmedia":[{"embeddable":true,"href":"https:\/\/www.touchlink.fr\/blog\/wp-json\/wp\/v2\/media\/200"}],"wp:attachment":[{"href":"https:\/\/www.touchlink.fr\/blog\/wp-json\/wp\/v2\/media?parent=198"}],"wp:term":[{"taxonomy":"category","embeddable":true,"href":"https:\/\/www.touchlink.fr\/blog\/wp-json\/wp\/v2\/categories?post=198"},{"taxonomy":"post_tag","embeddable":true,"href":"https:\/\/www.touchlink.fr\/blog\/wp-json\/wp\/v2\/tags?post=198"}],"curies":[{"name":"wp","href":"https:\/\/api.w.org\/{rel}","templated":true}]}}