{"id":48,"date":"2016-12-01T09:36:00","date_gmt":"2016-12-01T08:36:00","guid":{"rendered":"http:\/\/touchlink.fr\/blog\/?p=48"},"modified":"2017-06-19T11:25:33","modified_gmt":"2017-06-19T09:25:33","slug":"vers-personnalisation-pages-facebook-entreprises","status":"publish","type":"post","link":"https:\/\/www.touchlink.fr\/blog\/vers-personnalisation-pages-facebook-entreprises\/","title":{"rendered":"Vers la personnalisation des pages Facebook des entreprises"},"content":{"rendered":"<p>Gr\u00e2ce \u00e0 un nouveau proc\u00e9d\u00e9 lanc\u00e9 par Facebook, les Community managers auront d\u00e9sormais la possibilit\u00e9 de tester de nouvelles Templates (mod\u00e8les de page) et de choisir la plus adapt\u00e9e \u00e0 leur type d\u2019entreprise.<\/p>\n<p>Les administrateurs de pages Facebook auront dor\u00e9navant acc\u00e8s \u00e0 une nouvelle fonctionnalit\u00e9 dans la section \u00ab\u00a0Modifier la page\u00a0\u00bb, \u00e0 travers laquelle ils pourront choisir un th\u00e8me et l\u2019appliquer \u00e0 leur page Facebook.<\/p>\n<p><img loading=\"lazy\" decoding=\"async\" class=\" wp-image-49 aligncenter\" src=\"http:\/\/touchlink.fr\/blog\/wp-content\/uploads\/2016\/12\/facebook-page-entreprise.jpg\" alt=\"facebook-page-entreprise\" width=\"366\" height=\"366\" srcset=\"https:\/\/www.touchlink.fr\/blog\/wp-content\/uploads\/2016\/12\/facebook-page-entreprise.jpg 512w, https:\/\/www.touchlink.fr\/blog\/wp-content\/uploads\/2016\/12\/facebook-page-entreprise-150x150.jpg 150w, https:\/\/www.touchlink.fr\/blog\/wp-content\/uploads\/2016\/12\/facebook-page-entreprise-300x300.jpg 300w\" sizes=\"auto, (max-width: 366px) 100vw, 366px\" \/><\/p>\n<p>Facebook met \u00e0 la disposition des community managers\u00a06 mod\u00e8les de pages dont un \u00ab\u00a0standard\u00a0\u00bb, comme les pages qu\u2019on connait aujourd\u2019hui. Quant aux autres\u00a0:<\/p>\n<ul>\n<li>Un mod\u00e8le pour les pages d\u00e9di\u00e9es aux jeux vid\u00e9o<\/li>\n<li>Un mod\u00e8le pour les pages \u00e0 vocation politique et associative.<\/li>\n<li>Un mod\u00e8le de page destin\u00e9 aux m\u00e9tiers de bouche (traiteurs, salons de th\u00e9, restaurants, caf\u00e9s, etc)<\/li>\n<li>Un mod\u00e8le de page pour les services professionnels<\/li>\n<li>Un mod\u00e8le de page pour les lieux de loisirs et de divertissement comme les salles de sport, les salles de th\u00e9\u00e2tre, les salles de cin\u00e9ma, etc.<\/li>\n<\/ul>\n<p>La configuration de la page est effectu\u00e9e par les \u00e9l\u00e9ments suivants\u00a0: Accueil, Publications, \u00c9v\u00e9nements Services, Boutique, Photos, Vid\u00e9os, J\u2019aime, Partager, etc.<\/p>\n<p>Ce nouveau proc\u00e9d\u00e9 lanc\u00e9 par Facebook sera tr\u00e8s utile surtout pour les jeunes \u00a0entreprises. Il est \u00e9galement possible que Facebook propose des mises en page diff\u00e9rentes, c\u2019est pour cette raison qu\u2019il sugg\u00e8re quelques conseils pour les utilisateurs.<\/p>\n<h2><strong>Les conseils de Facebook pour optimiser une page professionnelle <\/strong><\/h2>\n<p>Voici les 4 conseils les plus importants vous permettant d\u2019optimiser votre page professionnelle\u00a0:<\/p>\n<p><img loading=\"lazy\" decoding=\"async\" class=\"size-full wp-image-50 aligncenter\" src=\"http:\/\/touchlink.fr\/blog\/wp-content\/uploads\/2016\/12\/facebookwork.jpg\" alt=\"facebookwork\" width=\"460\" height=\"238\" srcset=\"https:\/\/www.touchlink.fr\/blog\/wp-content\/uploads\/2016\/12\/facebookwork.jpg 460w, https:\/\/www.touchlink.fr\/blog\/wp-content\/uploads\/2016\/12\/facebookwork-300x155.jpg 300w\" sizes=\"auto, (max-width: 460px) 100vw, 460px\" \/><\/p>\n<p><strong>Publier un contenu int\u00e9ressant et vari\u00e9<\/strong>\u00a0: afin de susciter plus d\u2019attention, vous devez \u00e9crire d\u2019une fa\u00e7on intelligente avec un texte clair, concis et bien cibl\u00e9.<\/p>\n<p>D\u2019autres part, les visiteurs de votre page Facebook seront int\u00e9ress\u00e9s par les conseils que vous proposez, les articles que vous partagez ou encore les produits\/services que vous offrez.<\/p>\n<p><strong>Optimiser les images<\/strong>\u00a0: mettre des images \u00e0 port\u00e9e optimis\u00e9e permet leur partage par les fans de la page.<\/p>\n<p><strong>Mettre des liens\u00a0<\/strong>: Facebook propose trois options pour l\u2019utilisation de liens\u00a0:\u00a0lien avec texte, lien avec texte et image, lien avec texte et image miniature cliquable. Vous pouvez alors profiter de ces options pour mettre l\u2019accent sur le contenu et g\u00e9n\u00e9rer plus de traffic.<\/p>\n<p><strong>Investir dans la pub\u00a0<\/strong>:Ce qui est bien, c\u2019est que sur Facebook, la publicit\u00e9 est rentable. N\u2019h\u00e9sitez pas alors \u00e0 investir dans une publicit\u00e9 bien cibl\u00e9e afin d\u2019obtenir plus de fans sur votre page.<\/p>\n<p>Les services de Facebook au profit des cr\u00e9ateurs d\u2019entreprises ne cessent d\u2019impressionner. A travers ses conseils, vous pouvez apprendre \u00e0 optimiser vos publications afin de s\u00e9duire le maximum d\u2019internautes.<\/p>\n<p><strong>\u00a0<\/strong><\/p>\n","protected":false},"excerpt":{"rendered":"<p>Gr\u00e2ce \u00e0 un nouveau proc\u00e9d\u00e9 lanc\u00e9 par Facebook, les Community managers auront d\u00e9sormais la possibilit\u00e9 de tester de nouvelles Templates (mod\u00e8les de page) et de choisir la plus adapt\u00e9e \u00e0 leur type d\u2019entreprise. Les administrateurs de pages Facebook auront dor\u00e9navant acc\u00e8s \u00e0 une nouvelle fonctionnalit\u00e9 dans la section \u00ab\u00a0Modifier la page\u00a0\u00bb, \u00e0 travers laquelle ils&#8230; <\/p>\n<div class=\"link-more\"><a href=\"https:\/\/www.touchlink.fr\/blog\/vers-personnalisation-pages-facebook-entreprises\/\">En savoir plus<\/a><\/div>\n","protected":false},"author":2,"featured_media":53,"comment_status":"closed","ping_status":"open","sticky":false,"template":"","format":"standard","meta":{"footnotes":""},"categories":[3],"tags":[],"class_list":["post-48","post","type-post","status-publish","format-standard","has-post-thumbnail","hentry","category-nouveautes"],"yoast_head":"<!-- This site is optimized with the Yoast SEO plugin v26.8 - https:\/\/yoast.com\/product\/yoast-seo-wordpress\/ -->\n<title>Vers la personnalisation des pages Facebook des entreprises - Touchlink<\/title>\n<meta name=\"robots\" content=\"index, follow, max-snippet:-1, max-image-preview:large, max-video-preview:-1\" \/>\n<link rel=\"canonical\" href=\"https:\/\/www.touchlink.fr\/blog\/vers-personnalisation-pages-facebook-entreprises\/\" \/>\n<meta property=\"og:locale\" content=\"fr_FR\" \/>\n<meta property=\"og:type\" content=\"article\" \/>\n<meta property=\"og:title\" content=\"Vers la personnalisation des pages Facebook des entreprises - Touchlink\" \/>\n<meta property=\"og:description\" content=\"Gr\u00e2ce \u00e0 un nouveau proc\u00e9d\u00e9 lanc\u00e9 par Facebook, les Community managers auront d\u00e9sormais la possibilit\u00e9 de tester de nouvelles Templates (mod\u00e8les de page) et de choisir la plus adapt\u00e9e \u00e0 leur type d\u2019entreprise. Les administrateurs de pages Facebook auront dor\u00e9navant acc\u00e8s \u00e0 une nouvelle fonctionnalit\u00e9 dans la section \u00ab\u00a0Modifier la page\u00a0\u00bb, \u00e0 travers laquelle ils... En savoir plus\" \/>\n<meta property=\"og:url\" content=\"https:\/\/www.touchlink.fr\/blog\/vers-personnalisation-pages-facebook-entreprises\/\" \/>\n<meta property=\"og:site_name\" content=\"Touchlink\" \/>\n<meta property=\"article:published_time\" content=\"2016-12-01T08:36:00+00:00\" \/>\n<meta property=\"article:modified_time\" content=\"2017-06-19T09:25:33+00:00\" \/>\n<meta property=\"og:image\" content=\"https:\/\/www.touchlink.fr\/blog\/wp-content\/uploads\/2016\/12\/page-facebook-pour-mon-business.jpg\" \/>\n\t<meta property=\"og:image:width\" content=\"830\" \/>\n\t<meta property=\"og:image:height\" content=\"500\" \/>\n\t<meta property=\"og:image:type\" content=\"image\/jpeg\" \/>\n<meta name=\"author\" content=\"touchlink\" \/>\n<meta name=\"twitter:card\" content=\"summary_large_image\" \/>\n<meta name=\"twitter:label1\" content=\"\u00c9crit par\" \/>\n\t<meta name=\"twitter:data1\" content=\"touchlink\" \/>\n\t<meta name=\"twitter:label2\" content=\"Dur\u00e9e de lecture estim\u00e9e\" \/>\n\t<meta name=\"twitter:data2\" content=\"2 minutes\" \/>\n<script type=\"application\/ld+json\" class=\"yoast-schema-graph\">{\"@context\":\"https:\/\/schema.org\",\"@graph\":[{\"@type\":\"Article\",\"@id\":\"https:\/\/www.touchlink.fr\/blog\/vers-personnalisation-pages-facebook-entreprises\/#article\",\"isPartOf\":{\"@id\":\"https:\/\/www.touchlink.fr\/blog\/vers-personnalisation-pages-facebook-entreprises\/\"},\"author\":{\"name\":\"touchlink\",\"@id\":\"https:\/\/www.touchlink.fr\/blog\/#\/schema\/person\/8f0516b08b97692bee5d6bd5f71c7c67\"},\"headline\":\"Vers la personnalisation des pages Facebook des entreprises\",\"datePublished\":\"2016-12-01T08:36:00+00:00\",\"dateModified\":\"2017-06-19T09:25:33+00:00\",\"mainEntityOfPage\":{\"@id\":\"https:\/\/www.touchlink.fr\/blog\/vers-personnalisation-pages-facebook-entreprises\/\"},\"wordCount\":473,\"image\":{\"@id\":\"https:\/\/www.touchlink.fr\/blog\/vers-personnalisation-pages-facebook-entreprises\/#primaryimage\"},\"thumbnailUrl\":\"https:\/\/www.touchlink.fr\/blog\/wp-content\/uploads\/2016\/12\/page-facebook-pour-mon-business.jpg\",\"articleSection\":[\"Nouveaut\u00e9s\"],\"inLanguage\":\"fr-FR\"},{\"@type\":\"WebPage\",\"@id\":\"https:\/\/www.touchlink.fr\/blog\/vers-personnalisation-pages-facebook-entreprises\/\",\"url\":\"https:\/\/www.touchlink.fr\/blog\/vers-personnalisation-pages-facebook-entreprises\/\",\"name\":\"Vers la personnalisation des pages Facebook des entreprises - Touchlink\",\"isPartOf\":{\"@id\":\"https:\/\/www.touchlink.fr\/blog\/#website\"},\"primaryImageOfPage\":{\"@id\":\"https:\/\/www.touchlink.fr\/blog\/vers-personnalisation-pages-facebook-entreprises\/#primaryimage\"},\"image\":{\"@id\":\"https:\/\/www.touchlink.fr\/blog\/vers-personnalisation-pages-facebook-entreprises\/#primaryimage\"},\"thumbnailUrl\":\"https:\/\/www.touchlink.fr\/blog\/wp-content\/uploads\/2016\/12\/page-facebook-pour-mon-business.jpg\",\"datePublished\":\"2016-12-01T08:36:00+00:00\",\"dateModified\":\"2017-06-19T09:25:33+00:00\",\"author\":{\"@id\":\"https:\/\/www.touchlink.fr\/blog\/#\/schema\/person\/8f0516b08b97692bee5d6bd5f71c7c67\"},\"breadcrumb\":{\"@id\":\"https:\/\/www.touchlink.fr\/blog\/vers-personnalisation-pages-facebook-entreprises\/#breadcrumb\"},\"inLanguage\":\"fr-FR\",\"potentialAction\":[{\"@type\":\"ReadAction\",\"target\":[\"https:\/\/www.touchlink.fr\/blog\/vers-personnalisation-pages-facebook-entreprises\/\"]}]},{\"@type\":\"ImageObject\",\"inLanguage\":\"fr-FR\",\"@id\":\"https:\/\/www.touchlink.fr\/blog\/vers-personnalisation-pages-facebook-entreprises\/#primaryimage\",\"url\":\"https:\/\/www.touchlink.fr\/blog\/wp-content\/uploads\/2016\/12\/page-facebook-pour-mon-business.jpg\",\"contentUrl\":\"https:\/\/www.touchlink.fr\/blog\/wp-content\/uploads\/2016\/12\/page-facebook-pour-mon-business.jpg\",\"width\":830,\"height\":500},{\"@type\":\"BreadcrumbList\",\"@id\":\"https:\/\/www.touchlink.fr\/blog\/vers-personnalisation-pages-facebook-entreprises\/#breadcrumb\",\"itemListElement\":[{\"@type\":\"ListItem\",\"position\":1,\"name\":\"Accueil\",\"item\":\"https:\/\/www.touchlink.fr\/blog\/\"},{\"@type\":\"ListItem\",\"position\":2,\"name\":\"Vers la personnalisation des pages Facebook des entreprises\"}]},{\"@type\":\"WebSite\",\"@id\":\"https:\/\/www.touchlink.fr\/blog\/#website\",\"url\":\"https:\/\/www.touchlink.fr\/blog\/\",\"name\":\"Touchlink\",\"description\":\"Let&#039;s Digitalize\",\"potentialAction\":[{\"@type\":\"SearchAction\",\"target\":{\"@type\":\"EntryPoint\",\"urlTemplate\":\"https:\/\/www.touchlink.fr\/blog\/?s={search_term_string}\"},\"query-input\":{\"@type\":\"PropertyValueSpecification\",\"valueRequired\":true,\"valueName\":\"search_term_string\"}}],\"inLanguage\":\"fr-FR\"},{\"@type\":\"Person\",\"@id\":\"https:\/\/www.touchlink.fr\/blog\/#\/schema\/person\/8f0516b08b97692bee5d6bd5f71c7c67\",\"name\":\"touchlink\",\"image\":{\"@type\":\"ImageObject\",\"inLanguage\":\"fr-FR\",\"@id\":\"https:\/\/www.touchlink.fr\/blog\/#\/schema\/person\/image\/\",\"url\":\"https:\/\/secure.gravatar.com\/avatar\/33f919503c00778e832ad541d4757ac1?s=96&d=mm&r=g\",\"contentUrl\":\"https:\/\/secure.gravatar.com\/avatar\/33f919503c00778e832ad541d4757ac1?s=96&d=mm&r=g\",\"caption\":\"touchlink\"},\"url\":\"https:\/\/www.touchlink.fr\/blog\/author\/touchlink\/\"}]}<\/script>\n<!-- \/ Yoast SEO plugin. -->","yoast_head_json":{"title":"Vers la personnalisation des pages Facebook des entreprises - Touchlink","robots":{"index":"index","follow":"follow","max-snippet":"max-snippet:-1","max-image-preview":"max-image-preview:large","max-video-preview":"max-video-preview:-1"},"canonical":"https:\/\/www.touchlink.fr\/blog\/vers-personnalisation-pages-facebook-entreprises\/","og_locale":"fr_FR","og_type":"article","og_title":"Vers la personnalisation des pages Facebook des entreprises - Touchlink","og_description":"Gr\u00e2ce \u00e0 un nouveau proc\u00e9d\u00e9 lanc\u00e9 par Facebook, les Community managers auront d\u00e9sormais la possibilit\u00e9 de tester de nouvelles Templates (mod\u00e8les de page) et de choisir la plus adapt\u00e9e \u00e0 leur type d\u2019entreprise. Les administrateurs de pages Facebook auront dor\u00e9navant acc\u00e8s \u00e0 une nouvelle fonctionnalit\u00e9 dans la section \u00ab\u00a0Modifier la page\u00a0\u00bb, \u00e0 travers laquelle ils... En savoir plus","og_url":"https:\/\/www.touchlink.fr\/blog\/vers-personnalisation-pages-facebook-entreprises\/","og_site_name":"Touchlink","article_published_time":"2016-12-01T08:36:00+00:00","article_modified_time":"2017-06-19T09:25:33+00:00","og_image":[{"width":830,"height":500,"url":"https:\/\/www.touchlink.fr\/blog\/wp-content\/uploads\/2016\/12\/page-facebook-pour-mon-business.jpg","type":"image\/jpeg"}],"author":"touchlink","twitter_card":"summary_large_image","twitter_misc":{"\u00c9crit par":"touchlink","Dur\u00e9e de lecture estim\u00e9e":"2 minutes"},"schema":{"@context":"https:\/\/schema.org","@graph":[{"@type":"Article","@id":"https:\/\/www.touchlink.fr\/blog\/vers-personnalisation-pages-facebook-entreprises\/#article","isPartOf":{"@id":"https:\/\/www.touchlink.fr\/blog\/vers-personnalisation-pages-facebook-entreprises\/"},"author":{"name":"touchlink","@id":"https:\/\/www.touchlink.fr\/blog\/#\/schema\/person\/8f0516b08b97692bee5d6bd5f71c7c67"},"headline":"Vers la personnalisation des pages Facebook des entreprises","datePublished":"2016-12-01T08:36:00+00:00","dateModified":"2017-06-19T09:25:33+00:00","mainEntityOfPage":{"@id":"https:\/\/www.touchlink.fr\/blog\/vers-personnalisation-pages-facebook-entreprises\/"},"wordCount":473,"image":{"@id":"https:\/\/www.touchlink.fr\/blog\/vers-personnalisation-pages-facebook-entreprises\/#primaryimage"},"thumbnailUrl":"https:\/\/www.touchlink.fr\/blog\/wp-content\/uploads\/2016\/12\/page-facebook-pour-mon-business.jpg","articleSection":["Nouveaut\u00e9s"],"inLanguage":"fr-FR"},{"@type":"WebPage","@id":"https:\/\/www.touchlink.fr\/blog\/vers-personnalisation-pages-facebook-entreprises\/","url":"https:\/\/www.touchlink.fr\/blog\/vers-personnalisation-pages-facebook-entreprises\/","name":"Vers la personnalisation des pages Facebook des entreprises - Touchlink","isPartOf":{"@id":"https:\/\/www.touchlink.fr\/blog\/#website"},"primaryImageOfPage":{"@id":"https:\/\/www.touchlink.fr\/blog\/vers-personnalisation-pages-facebook-entreprises\/#primaryimage"},"image":{"@id":"https:\/\/www.touchlink.fr\/blog\/vers-personnalisation-pages-facebook-entreprises\/#primaryimage"},"thumbnailUrl":"https:\/\/www.touchlink.fr\/blog\/wp-content\/uploads\/2016\/12\/page-facebook-pour-mon-business.jpg","datePublished":"2016-12-01T08:36:00+00:00","dateModified":"2017-06-19T09:25:33+00:00","author":{"@id":"https:\/\/www.touchlink.fr\/blog\/#\/schema\/person\/8f0516b08b97692bee5d6bd5f71c7c67"},"breadcrumb":{"@id":"https:\/\/www.touchlink.fr\/blog\/vers-personnalisation-pages-facebook-entreprises\/#breadcrumb"},"inLanguage":"fr-FR","potentialAction":[{"@type":"ReadAction","target":["https:\/\/www.touchlink.fr\/blog\/vers-personnalisation-pages-facebook-entreprises\/"]}]},{"@type":"ImageObject","inLanguage":"fr-FR","@id":"https:\/\/www.touchlink.fr\/blog\/vers-personnalisation-pages-facebook-entreprises\/#primaryimage","url":"https:\/\/www.touchlink.fr\/blog\/wp-content\/uploads\/2016\/12\/page-facebook-pour-mon-business.jpg","contentUrl":"https:\/\/www.touchlink.fr\/blog\/wp-content\/uploads\/2016\/12\/page-facebook-pour-mon-business.jpg","width":830,"height":500},{"@type":"BreadcrumbList","@id":"https:\/\/www.touchlink.fr\/blog\/vers-personnalisation-pages-facebook-entreprises\/#breadcrumb","itemListElement":[{"@type":"ListItem","position":1,"name":"Accueil","item":"https:\/\/www.touchlink.fr\/blog\/"},{"@type":"ListItem","position":2,"name":"Vers la personnalisation des pages Facebook des entreprises"}]},{"@type":"WebSite","@id":"https:\/\/www.touchlink.fr\/blog\/#website","url":"https:\/\/www.touchlink.fr\/blog\/","name":"Touchlink","description":"Let&#039;s Digitalize","potentialAction":[{"@type":"SearchAction","target":{"@type":"EntryPoint","urlTemplate":"https:\/\/www.touchlink.fr\/blog\/?s={search_term_string}"},"query-input":{"@type":"PropertyValueSpecification","valueRequired":true,"valueName":"search_term_string"}}],"inLanguage":"fr-FR"},{"@type":"Person","@id":"https:\/\/www.touchlink.fr\/blog\/#\/schema\/person\/8f0516b08b97692bee5d6bd5f71c7c67","name":"touchlink","image":{"@type":"ImageObject","inLanguage":"fr-FR","@id":"https:\/\/www.touchlink.fr\/blog\/#\/schema\/person\/image\/","url":"https:\/\/secure.gravatar.com\/avatar\/33f919503c00778e832ad541d4757ac1?s=96&d=mm&r=g","contentUrl":"https:\/\/secure.gravatar.com\/avatar\/33f919503c00778e832ad541d4757ac1?s=96&d=mm&r=g","caption":"touchlink"},"url":"https:\/\/www.touchlink.fr\/blog\/author\/touchlink\/"}]}},"_links":{"self":[{"href":"https:\/\/www.touchlink.fr\/blog\/wp-json\/wp\/v2\/posts\/48","targetHints":{"allow":["GET"]}}],"collection":[{"href":"https:\/\/www.touchlink.fr\/blog\/wp-json\/wp\/v2\/posts"}],"about":[{"href":"https:\/\/www.touchlink.fr\/blog\/wp-json\/wp\/v2\/types\/post"}],"author":[{"embeddable":true,"href":"https:\/\/www.touchlink.fr\/blog\/wp-json\/wp\/v2\/users\/2"}],"replies":[{"embeddable":true,"href":"https:\/\/www.touchlink.fr\/blog\/wp-json\/wp\/v2\/comments?post=48"}],"version-history":[{"count":2,"href":"https:\/\/www.touchlink.fr\/blog\/wp-json\/wp\/v2\/posts\/48\/revisions"}],"predecessor-version":[{"id":54,"href":"https:\/\/www.touchlink.fr\/blog\/wp-json\/wp\/v2\/posts\/48\/revisions\/54"}],"wp:featuredmedia":[{"embeddable":true,"href":"https:\/\/www.touchlink.fr\/blog\/wp-json\/wp\/v2\/media\/53"}],"wp:attachment":[{"href":"https:\/\/www.touchlink.fr\/blog\/wp-json\/wp\/v2\/media?parent=48"}],"wp:term":[{"taxonomy":"category","embeddable":true,"href":"https:\/\/www.touchlink.fr\/blog\/wp-json\/wp\/v2\/categories?post=48"},{"taxonomy":"post_tag","embeddable":true,"href":"https:\/\/www.touchlink.fr\/blog\/wp-json\/wp\/v2\/tags?post=48"}],"curies":[{"name":"wp","href":"https:\/\/api.w.org\/{rel}","templated":true}]}}